
{"id":2896,"date":"2018-04-23T22:20:33","date_gmt":"2018-04-23T20:20:33","guid":{"rendered":"https:\/\/eleonore-marguerre.de?p=2896"},"modified":"2018-06-06T11:32:51","modified_gmt":"2018-06-06T09:32:51","slug":"arabella-am-staatstheater-wiesbaden-18-4","status":"publish","type":"post","link":"https:\/\/eleonore-marguerre.de\/en\/news\/arabella-am-staatstheater-wiesbaden-18-4","title":{"rendered":"Arabella am Staatstheater Wiesbaden 18.4."},"content":{"rendered":"<p>Unverhofft kommt oft &#8211; kurzfristig habe ich die &#8220;Arabella&#8221; in der Inszenierung von Uwe-Eric Laufenberg \u00fcbernommen.. Aufregend und sch\u00f6n war es und dank <strong>GMD Patrick Lange<\/strong> und dem fantastischern <strong>Thomas J. Mayer<\/strong> als Mandryka ein gro\u00dfes Vergn\u00fcgen..<\/p>\n<a href=\"http:\/\/www.staatstheater-wiesbaden.de\/programm\/spielplan\/arabella-2017-2018\/3462\/\">Staatstheater Wiesbaden<\/a><br \/><img class=\"alignnone size-small wp-image-2898\" src=\"https:\/\/eleonore-marguerre.de\/wp-content\/uploads\/2018\/04\/fullsizeoutput_f94-375x500.jpeg\" alt=\"\" width=\"375\" height=\"500\" srcset=\"https:\/\/eleonore-marguerre.de\/wp-content\/uploads\/2018\/04\/fullsizeoutput_f94-375x500.jpeg 375w, https:\/\/eleonore-marguerre.de\/wp-content\/uploads\/2018\/04\/fullsizeoutput_f94-768x1024.jpeg 768w, https:\/\/eleonore-marguerre.de\/wp-content\/uploads\/2018\/04\/fullsizeoutput_f94.jpeg 1932w\" sizes=\"(max-width: 375px) 100vw, 375px\" \/>\n<p>&nbsp;<\/p>\n<div class=\"twoclick_social_bookmarks_post_2896 social_share_privacy clearfix 1.6.4 locale-en_US sprite-en_US\"><\/div><div class=\"twoclick-js\"><script type=\"text\/javascript\">\/* <![CDATA[ *\/\njQuery(document).ready(function($){if($('.twoclick_social_bookmarks_post_2896')){$('.twoclick_social_bookmarks_post_2896').socialSharePrivacy({\"services\":{\"facebook\":{\"status\":\"on\",\"txt_info\":\"2 Klicks f\\u00fcr mehr Datenschutz: Erst wenn Sie hier klicken, wird der Button aktiv und Sie k\\u00f6nnen Ihre Empfehlung an Facebook senden. Schon beim Aktivieren werden Daten an Dritte \\u00fcbertragen - siehe <em>i<\\\/em>.\",\"perma_option\":\"off\",\"action\":\"recommend\",\"language\":\"en_US\"},\"twitter\":{\"reply_to\":\"\",\"tweet_text\":\"Arabella%20am%20Staatstheater%20Wiesbaden%2018.4.%20%C2%BB%20Eleonore%20Marguerre\",\"status\":\"on\",\"txt_info\":\"2 Klicks f\\u00fcr mehr Datenschutz: Erst wenn Sie hier klicken, wird der Button aktiv und Sie k\\u00f6nnen Ihre Empfehlung an Twitter senden. Schon beim Aktivieren werden Daten an Dritte \\u00fcbertragen - siehe <em>i<\\\/em>.\",\"perma_option\":\"off\",\"language\":\"en\",\"referrer_track\":\"\"},\"gplus\":{\"status\":\"on\",\"txt_info\":\"2 Klicks f\\u00fcr mehr Datenschutz: Erst wenn Sie hier klicken, wird der Button aktiv und Sie k\\u00f6nnen Ihre Empfehlung an Google+ senden. Schon beim Aktivieren werden Daten an Dritte \\u00fcbertragen - siehe <em>i<\\\/em>.\",\"perma_option\":\"off\",\"referrer_track\":\"\"},\"xing\":{\"status\":\"on\",\"txt_info\":\"2 Klicks f\\u00fcr mehr Datenschutz: Erst wenn Sie hier klicken, wird der Button aktiv und Sie k\\u00f6nnen Ihre Empfehlung an Xing senden. Schon beim Aktivieren werden Daten an Dritte \\u00fcbertragen - siehe <em>i<\\\/em>.\",\"perma_option\":\"off\",\"language\":\"en\",\"referrer_track\":\"\"},\"pinterest\":{\"status\":\"on\",\"the_excerpt\":\"Arabella am Staatstheater Wiesbaden 18.4.\",\"txt_info\":\"2 Klicks f\\u00fcr mehr Datenschutz: Erst wenn Sie hier klicken, wird der Button aktiv und Sie k\\u00f6nnen Ihre Empfehlung an Pinterest senden. Schon beim Aktivieren werden Daten an Dritte \\u00fcbertragen - siehe <em>i<\\\/em>.\",\"perma_option\":\"off\",\"media\":\"https:\\\/\\\/eleonore-marguerre.de\\\/wp-content\\\/uploads\\\/2018\\\/04\\\/fullsizeoutput_f94.jpeg\"},\"linkedin\":{\"status\":\"on\",\"txt_info\":\"2 Klicks f\\u00fcr mehr Datenschutz: Erst wenn Sie hier klicken, wird der Button aktiv und Sie k\\u00f6nnen Ihre Empfehlung an LinkedIn senden. Schon beim Aktivieren werden Daten an Dritte \\u00fcbertragen - siehe <em>i<\\\/em>.\",\"perma_option\":\"off\"}},\"txt_help\":\"Wenn Sie diese Felder durch einen Klick aktivieren, werden Informationen an Facebook, Twitter, Flattr, Xing, t3n, LinkedIn, Pinterest oder Google eventuell ins Ausland \\u00fcbertragen und unter Umst\\u00e4nden auch dort gespeichert. N\\u00e4heres erfahren Sie durch einen Klick auf das <em>i<\\\/em>.\",\"settings_perma\":\"Dauerhaft aktivieren und Daten\\u00fcber-tragung zustimmen:\",\"info_link\":\"http:\\\/\\\/www.heise.de\\\/ct\\\/artikel\\\/2-Klicks-fuer-mehr-Datenschutz-1333879.html\",\"uri\":\"https:\\\/\\\/eleonore-marguerre.de\\\/en\\\/news\\\/arabella-am-staatstheater-wiesbaden-18-4\",\"post_id\":2896,\"post_title_referrer_track\":\"Arabella+am+Staatstheater+Wiesbaden+18.4.\",\"display_infobox\":\"on\"});}});\n\/* ]]> *\/<\/script><\/div>","protected":false},"excerpt":{"rendered":"<p>Unverhofft kommt oft &#8211; kurzfristig habe ich die &#8220;Arabella&#8221; in der Inszenierung von Uwe-Eric Laufenberg \u00fcbernommen.. Aufregend und sch\u00f6n war es und dank GMD Patrick Lange und dem fantastischern Thomas J. Mayer als Mandryka ein gro\u00dfes Vergn\u00fcgen.. Staatstheater Wiesbaden &nbsp;<\/p>\n","protected":false},"author":3,"featured_media":0,"comment_status":"closed","ping_status":"closed","sticky":false,"template":"","format":"standard","meta":{"_vp_format_video_url":"","_vp_image_focal_point":[]},"categories":[1],"tags":[],"acf":[],"_links":{"self":[{"href":"https:\/\/eleonore-marguerre.de\/en\/wp-json\/wp\/v2\/posts\/2896"}],"collection":[{"href":"https:\/\/eleonore-marguerre.de\/en\/wp-json\/wp\/v2\/posts"}],"about":[{"href":"https:\/\/eleonore-marguerre.de\/en\/wp-json\/wp\/v2\/types\/post"}],"author":[{"embeddable":true,"href":"https:\/\/eleonore-marguerre.de\/en\/wp-json\/wp\/v2\/users\/3"}],"replies":[{"embeddable":true,"href":"https:\/\/eleonore-marguerre.de\/en\/wp-json\/wp\/v2\/comments?post=2896"}],"version-history":[{"count":3,"href":"https:\/\/eleonore-marguerre.de\/en\/wp-json\/wp\/v2\/posts\/2896\/revisions"}],"predecessor-version":[{"id":3022,"href":"https:\/\/eleonore-marguerre.de\/en\/wp-json\/wp\/v2\/posts\/2896\/revisions\/3022"}],"wp:attachment":[{"href":"https:\/\/eleonore-marguerre.de\/en\/wp-json\/wp\/v2\/media?parent=2896"}],"wp:term":[{"taxonomy":"category","embeddable":true,"href":"https:\/\/eleonore-marguerre.de\/en\/wp-json\/wp\/v2\/categories?post=2896"},{"taxonomy":"post_tag","embeddable":true,"href":"https:\/\/eleonore-marguerre.de\/en\/wp-json\/wp\/v2\/tags?post=2896"}],"curies":[{"name":"wp","href":"https:\/\/api.w.org\/{rel}","templated":true}]}}